{"id":6292,"date":"2013-01-30T11:24:01","date_gmt":"2013-01-30T10:24:01","guid":{"rendered":"http:\/\/www.mad-motion.com\/blog\/?p=6292"},"modified":"2013-01-30T11:24:01","modified_gmt":"2013-01-30T10:24:01","slug":"kampfradlern-geht-es-an-den-kragen-busgelder-sollen-drastisch-steigen","status":"publish","type":"post","link":"https:\/\/www.mad-motion.com\/blog\/2013\/01\/30\/kampfradlern-geht-es-an-den-kragen-busgelder-sollen-drastisch-steigen\/","title":{"rendered":"Kampfradlern geht es an den Kragen Bu\u00dfgelder sollen drastisch steigen ."},"content":{"rendered":"<p style=\"text-align: center;\"><img loading=\"lazy\" decoding=\"async\" class=\"aligncenter size-medium wp-image-6293\" alt=\"Bundesverkehrsminister-will-gegen-Kampf-Radler-vorgehen\" src=\"http:\/\/www.mad-motion.com\/blog\/wp-content\/uploads\/2013\/01\/Bundesverkehrsminister-will-gegen-Kampf-Radler-vorgehen-435x289.jpg\" width=\"435\" height=\"289\" srcset=\"https:\/\/www.mad-motion.com\/blog\/wp-content\/uploads\/2013\/01\/Bundesverkehrsminister-will-gegen-Kampf-Radler-vorgehen-435x289.jpg 435w, https:\/\/www.mad-motion.com\/blog\/wp-content\/uploads\/2013\/01\/Bundesverkehrsminister-will-gegen-Kampf-Radler-vorgehen-600x399.jpg 600w, https:\/\/www.mad-motion.com\/blog\/wp-content\/uploads\/2013\/01\/Bundesverkehrsminister-will-gegen-Kampf-Radler-vorgehen-500x333.jpg 500w, https:\/\/www.mad-motion.com\/blog\/wp-content\/uploads\/2013\/01\/Bundesverkehrsminister-will-gegen-Kampf-Radler-vorgehen.jpg 620w\" sizes=\"auto, (max-width: 435px) 100vw, 435px\" \/><br \/>\nIn Deutschland gibt es derzeit rund 70 Millionen Fahrr\u00e4der, fast 29 Millionen Menschen fahren regelm\u00e4\u00dfig. Die Tendenz ist steigend. Dabei kommt es schon mal vor, dass Radler nicht ganz regelkonform unterwegs sind. Die Bundesregierung will hart dagegen vorgehen, jajaja Ramsi! <a href=\"http:\/\/www.n-tv.de\/panorama\/Bussgelder-sollen-drastisch-steigen-article10034761.html\" target=\"_blank\">via<\/a><\/p>\n","protected":false},"excerpt":{"rendered":"<p>In Deutschland gibt es derzeit rund 70 Millionen Fahrr\u00e4der, fast 29 Millionen Menschen fahren regelm\u00e4\u00dfig. Die Tendenz ist steigend. Dabei kommt es schon mal vor, dass Radler nicht ganz regelkonform unterwegs sind. Die Bundesregierung will hart dagegen vorgehen, jajaja Ramsi! via<\/p>\n","protected":false},"author":1,"featured_media":0,"comment_status":"open","ping_status":"open","sticky":false,"template":"","format":"standard","meta":{"footnotes":""},"categories":[3],"tags":[117],"class_list":["post-6292","post","type-post","status-publish","format-standard","hentry","category-cycling","tag-cycling"],"_links":{"self":[{"href":"https:\/\/www.mad-motion.com\/blog\/wp-json\/wp\/v2\/posts\/6292","targetHints":{"allow":["GET"]}}],"collection":[{"href":"https:\/\/www.mad-motion.com\/blog\/wp-json\/wp\/v2\/posts"}],"about":[{"href":"https:\/\/www.mad-motion.com\/blog\/wp-json\/wp\/v2\/types\/post"}],"author":[{"embeddable":true,"href":"https:\/\/www.mad-motion.com\/blog\/wp-json\/wp\/v2\/users\/1"}],"replies":[{"embeddable":true,"href":"https:\/\/www.mad-motion.com\/blog\/wp-json\/wp\/v2\/comments?post=6292"}],"version-history":[{"count":1,"href":"https:\/\/www.mad-motion.com\/blog\/wp-json\/wp\/v2\/posts\/6292\/revisions"}],"predecessor-version":[{"id":6294,"href":"https:\/\/www.mad-motion.com\/blog\/wp-json\/wp\/v2\/posts\/6292\/revisions\/6294"}],"wp:attachment":[{"href":"https:\/\/www.mad-motion.com\/blog\/wp-json\/wp\/v2\/media?parent=6292"}],"wp:term":[{"taxonomy":"category","embeddable":true,"href":"https:\/\/www.mad-motion.com\/blog\/wp-json\/wp\/v2\/categories?post=6292"},{"taxonomy":"post_tag","embeddable":true,"href":"https:\/\/www.mad-motion.com\/blog\/wp-json\/wp\/v2\/tags?post=6292"}],"curies":[{"name":"wp","href":"https:\/\/api.w.org\/{rel}","templated":true}]}}